{"id":465,"date":"2022-09-05T07:04:42","date_gmt":"2022-09-05T07:04:42","guid":{"rendered":"https:\/\/www.windkraftfreier-idarwald.de\/?p=465"},"modified":"2022-09-07T21:07:46","modified_gmt":"2022-09-07T21:07:46","slug":"wanderung-im-noch-unberuehrten-vierherrenwald-am-sonntag-11-september-2022","status":"publish","type":"post","link":"https:\/\/www.windkraftfreier-idarwald.de\/?p=465","title":{"rendered":"Wanderung im (noch) unber\u00fchrten Vierherrenwald am Sonntag, 11. September 2022"},"content":{"rendered":"<p><em>B\u00fcrgerinitiative Windkraftfreier Idarwald l\u00e4dt ein:<\/em><\/p>\n<p>Vierherrenwald-Wanderung am Sonntag, 11. September 2022, ab 14.15 Uhr<\/p>\n<p><strong>\u201eWanderung im (noch) unber\u00fchrten Vierherrenwald\u201c<\/strong><\/p>\n<p>Unter diesem Motto l\u00e4dt die B\u00fcrgerinitiative Windkraftfreier Idarwald alle Heimat- und Naturfreunde herzlich zu einer Sonntagswanderung am 11. September durch den Vierherrenwald bei Hellertshausen ein.<\/p>\n<p><strong>Treff- und Startpunkt um 14.15 Uhr ist ein Gel\u00e4nde an der Hellertshausener M\u00fchle\u00a0<\/strong>an der Landesstra\u00dfe 162, ca. 250 m \u00f6stlich vor der Dorfeinfahrt von Schauren.<\/p>\n<p>Stra\u00dfenadresse:\u00a0 &#8222;Aschied&#8220;, 55758 Schauren<\/p>\n<p><a href=\"https:\/\/openstreetmap.de\/karte\/?zoom=16&amp;lat=49.81135&amp;lon=7.23685&amp;layers=B00TT\" target=\"_blank\" rel=\"noopener\">Auf Karte anzeigen.<\/a><\/p>\n<p><a href=\"https:\/\/www.windkraftfreier-idarwald.de\/wp-content\/uploads\/2022\/09\/Aschied.png\"><img decoding=\"async\" loading=\"lazy\" class=\"wp-image-473 alignleft\" src=\"https:\/\/www.windkraftfreier-idarwald.de\/wp-content\/uploads\/2022\/09\/Aschied.png\" alt=\"\" width=\"426\" height=\"328\" srcset=\"https:\/\/www.windkraftfreier-idarwald.de\/wp-content\/uploads\/2022\/09\/Aschied.png 779w, https:\/\/www.windkraftfreier-idarwald.de\/wp-content\/uploads\/2022\/09\/Aschied-300x231.png 300w, https:\/\/www.windkraftfreier-idarwald.de\/wp-content\/uploads\/2022\/09\/Aschied-768x592.png 768w\" sizes=\"(max-width: 426px) 100vw, 426px\" \/><\/a><\/p>\n<p>Hier bestehen auch Parkm\u00f6glichkeiten f\u00fcr PKW.\u00a0 Die B\u00fcrgerinitiative empfiehlt eine \u00d6PNV-Anreise per 1-Euro-Ticket mit dem Bus der Linie 840 bis Schauren oder mit dem Bus der Linie 850 bis zur Haltestelle am Abzweig Helletshausen\/Hottenbach. Von diesen Haltestellen verkehrt jeweils ein\u00a0 Shuttlebus zum Treffpunkt.<\/p>\n<p>Vom Bahnhof Idar-Oberstein f\u00e4hrt der Linienbus 840 (Eifel-Hunsr\u00fcck-Bus) um 12.30 Uhr ab und erreicht Schauren um 13.14 Uhr. Der Linienbus 850 (Idar-Oberstein \u2013 M\u00f6rschied &#8211; Rhaunen) f\u00e4hrt um 13.16 Uhr und erreicht den Abzweig Hottenbach um 13.59 Uhr.<\/p>\n<p>R\u00fcckfahrm\u00f6glichkeiten bestehen um 17.46 Uhr oder um 19.46 Uhr mit der Linie 840 ab Schauren und um 18.00 Uhr bzw. 20.00 Uhr am Abzweig Hellertshausen\/Hottenbach mit der Linie 850.<\/p>\n<p>Von und zu den weiter entfernten Haltestellen werden die G\u00e4ste mit einem Fahrzeug (B\u00fcrgerbus der VG) gefahren.<\/p>\n<p>Interessierte, die nicht so gut zu Fu\u00df sind, werden mit dem B\u00fcrgerbus zu den Treffpunkten der Wanderung gefahren.<\/p>\n<p>Die Wanderung f\u00fchrt \u00fcber leicht zu begehende Wege. Gleichwohl werden festes Schuhwerk und eine der aktuellen Wetterlage entsprechende Kleidung empfohlen. Ortskundige Mitglieder der B\u00fcrgerinitiative Windkraftfreier Idarwald begleiten die Wanderer und stehen f\u00fcr Erl\u00e4uterungen sowohl zu naturkundlichen und historischen Besonderheiten des Vierherrenwaldes als auch f\u00fcr Informationen \u00fcber die Windradplanungen zur Verf\u00fcgung. Auch der fr\u00fchere Revierf\u00f6rster, Heinz Schlarb, wird \u00fcber die Besonderheiten dieses Waldgebietes ausf\u00fchrlich berichten.<\/p>\n<p>&nbsp;<\/p>\n<p>Nach der etwa zweist\u00fcndigen Wanderung gibt es sp\u00e4ter auf dem Hof von Richard Steitz in Asbach\u00a0 <a href=\"https:\/\/routing.openstreetmap.de\/?z=15&amp;center=49.819753%2C7.268100&amp;loc=49.813162%2C7.233682&amp;loc=49.812349%2C7.277606&amp;hl=de&amp;alt=0&amp;srv=0\" target=\"_blank\" rel=\"noopener\">(Auf Karte anzeigen: In der Treib 3, 55758 Asbach)<\/a>\u00a0reichlich Gelegenheit zum Gedankenaustausch. Richard Steitz aus Asbach sorgt mit W\u00fcrstchen vom Rost und mit einem eigens f\u00fcr diesen Anlass gebrauten Bier f\u00fcr das leibliche Wohl der Teilnehmer\/innen. Alkoholfreie Getr\u00e4nke werden ebenfalls angeboten. F\u00fcr diese Verk\u00f6stigung wird \u201e\u00e0 discr\u00e9tion\u201c eine freiwillige Spende erbeten.<\/p>\n<p>&nbsp;<\/p>\n<p>&nbsp;<\/p>\n<p>&nbsp;<\/p>\n","protected":false},"excerpt":{"rendered":"<p>B\u00fcrgerinitiative Windkraftfreier Idarwald l\u00e4dt ein: Vierherrenwald-Wanderung am Sonntag, 11. September 2022, ab 14.15 Uhr \u201eWanderung im (noch) unber\u00fchrten Vierherrenwald\u201c Unter diesem Motto l\u00e4dt die B\u00fcrgerinitiative Windkraftfreier Idarwald alle Heimat- und Naturfreunde herzlich zu einer Sonntagswanderung am 11. September durch den &hellip; <a href=\"https:\/\/www.windkraftfreier-idarwald.de\/?p=465\">Weiter<\/a><\/p>\n","protected":false},"author":1,"featured_media":184,"comment_status":"closed","ping_status":"closed","sticky":false,"template":"","format":"standard","meta":{"kt_blocks_editor_width":"","ngg_post_thumbnail":0},"categories":[3],"tags":[],"_links":{"self":[{"href":"https:\/\/www.windkraftfreier-idarwald.de\/index.php?rest_route=\/wp\/v2\/posts\/465"}],"collection":[{"href":"https:\/\/www.windkraftfreier-idarwald.de\/index.php?rest_route=\/wp\/v2\/posts"}],"about":[{"href":"https:\/\/www.windkraftfreier-idarwald.de\/index.php?rest_route=\/wp\/v2\/types\/post"}],"author":[{"embeddable":true,"href":"https:\/\/www.windkraftfreier-idarwald.de\/index.php?rest_route=\/wp\/v2\/users\/1"}],"replies":[{"embeddable":true,"href":"https:\/\/www.windkraftfreier-idarwald.de\/index.php?rest_route=%2Fwp%2Fv2%2Fcomments&post=465"}],"version-history":[{"count":13,"href":"https:\/\/www.windkraftfreier-idarwald.de\/index.php?rest_route=\/wp\/v2\/posts\/465\/revisions"}],"predecessor-version":[{"id":479,"href":"https:\/\/www.windkraftfreier-idarwald.de\/index.php?rest_route=\/wp\/v2\/posts\/465\/revisions\/479"}],"wp:featuredmedia":[{"embeddable":true,"href":"https:\/\/www.windkraftfreier-idarwald.de\/index.php?rest_route=\/wp\/v2\/media\/184"}],"wp:attachment":[{"href":"https:\/\/www.windkraftfreier-idarwald.de\/index.php?rest_route=%2Fwp%2Fv2%2Fmedia&parent=465"}],"wp:term":[{"taxonomy":"category","embeddable":true,"href":"https:\/\/www.windkraftfreier-idarwald.de\/index.php?rest_route=%2Fwp%2Fv2%2Fcategories&post=465"},{"taxonomy":"post_tag","embeddable":true,"href":"https:\/\/www.windkraftfreier-idarwald.de\/index.php?rest_route=%2Fwp%2Fv2%2Ftags&post=465"}],"curies":[{"name":"wp","href":"https:\/\/api.w.org\/{rel}","templated":true}]}}