{"id":339,"date":"2019-04-01T06:19:45","date_gmt":"2019-04-01T06:19:45","guid":{"rendered":"https:\/\/www.windkraftfreier-idarwald.de\/?p=339"},"modified":"2019-04-15T16:13:14","modified_gmt":"2019-04-15T16:13:14","slug":"ostewanderung-am-22-04-2019","status":"publish","type":"post","link":"https:\/\/www.windkraftfreier-idarwald.de\/?p=339","title":{"rendered":"Osterwanderung am 22.04.2019"},"content":{"rendered":"<h4 style=\"text-align: center;\">Am 22.04.2019 um 13:30 Uhr l\u00e4dt die BI Windkraftfreier Idarwald alle Interessierte und Sympathisanten zu einer Informations- und Protestwanderung in den Vierherrenwald mit anschlie\u00dfendem Grillen ein .<\/h4>\n<p>Den Flyer zur Einladung finden Sie <a href=\"https:\/\/www.windkraftfreier-idarwald.de\/wp-content\/uploads\/2019\/04\/Einladung_Osterwanderung.pdf\" target=\"_blank\" rel=\"noopener\">hier (klick).<\/a><\/p>\n<p>Dabei k\u00f6nnen sich die Teilnehmer vor Ort ein Bild dar\u00fcber machen, was die Errichtung der f\u00fcnf<br \/>\nWindkraftanlagen bedeuten w\u00fcrde. Die Mitglieder der B\u00fcrgerinitiative stehen f\u00fcr alle Fragen zur<br \/>\nVerf\u00fcgung.<br \/>\nDie Wanderung wird von einem Planwagen begleitet, damit auch Menschen, die nicht so gut zu Fu\u00df<br \/>\nsind, teilnehmen k\u00f6nnen.<br \/>\nUwe Anh\u00e4user informiert \u00fcber die historischen Besonderheiten des Vierherrenwaldes.<br \/>\nF\u00fcr die Kleinen wird ein Ostereiersuchen veranstaltet.<\/p>\n<p><strong>Start- und Endpunkt: Aschieder M\u00fchle, 55758 Schauren<\/strong><br \/>\n<strong>Streckenl\u00e4nge: 7-8 km<\/strong><br \/>\n<strong>F\u00fcr Getr\u00e4nke und Essen ist gesorgt.<\/strong><\/p>\n<p><strong>Anmeldung bis 15.04. unter:\u00a0<\/strong><a href=\"mailto:info@windkraftfreier-idarwald.de\"><strong>info@windkraftfreier-idarwald.de<\/strong><\/a><\/p>\n<p><iframe loading=\"lazy\" style=\"border: 1px solid black;\" src=\"https:\/\/www.openstreetmap.org\/export\/embed.html?bbox=7.160940170288087%2C49.789576571824504%2C7.301101684570313%2C49.8376503123052&amp;layer=mapnik&amp;marker=49.813619411348306%2C7.231020927429199\" width=\"425\" height=\"350\" frameborder=\"0\" marginwidth=\"0\" marginheight=\"0\" scrolling=\"no\"><\/iframe><br \/>\n<small><a href=\"https:\/\/www.openstreetmap.org\/?mlat=49.8136&amp;mlon=7.2310#map=14\/49.8136\/7.2310\" target=\"_blank\" rel=\"noopener\">Gr\u00f6\u00dfere Karte anzeigen<\/a><\/small><\/p>\n<p>&nbsp;<\/p>\n","protected":false},"excerpt":{"rendered":"<p>Am 22.04.2019 um 13:30 Uhr l\u00e4dt die BI Windkraftfreier Idarwald alle Interessierte und Sympathisanten zu einer Informations- und Protestwanderung in den Vierherrenwald mit anschlie\u00dfendem Grillen ein . Den Flyer zur Einladung finden Sie hier (klick). Dabei k\u00f6nnen sich die Teilnehmer &hellip; <a href=\"https:\/\/www.windkraftfreier-idarwald.de\/?p=339\">Weiter<\/a><\/p>\n","protected":false},"author":1,"featured_media":351,"comment_status":"open","ping_status":"open","sticky":false,"template":"","format":"standard","meta":{"kt_blocks_editor_width":"","ngg_post_thumbnail":0},"categories":[3],"tags":[],"_links":{"self":[{"href":"https:\/\/www.windkraftfreier-idarwald.de\/index.php?rest_route=\/wp\/v2\/posts\/339"}],"collection":[{"href":"https:\/\/www.windkraftfreier-idarwald.de\/index.php?rest_route=\/wp\/v2\/posts"}],"about":[{"href":"https:\/\/www.windkraftfreier-idarwald.de\/index.php?rest_route=\/wp\/v2\/types\/post"}],"author":[{"embeddable":true,"href":"https:\/\/www.windkraftfreier-idarwald.de\/index.php?rest_route=\/wp\/v2\/users\/1"}],"replies":[{"embeddable":true,"href":"https:\/\/www.windkraftfreier-idarwald.de\/index.php?rest_route=%2Fwp%2Fv2%2Fcomments&post=339"}],"version-history":[{"count":19,"href":"https:\/\/www.windkraftfreier-idarwald.de\/index.php?rest_route=\/wp\/v2\/posts\/339\/revisions"}],"predecessor-version":[{"id":365,"href":"https:\/\/www.windkraftfreier-idarwald.de\/index.php?rest_route=\/wp\/v2\/posts\/339\/revisions\/365"}],"wp:featuredmedia":[{"embeddable":true,"href":"https:\/\/www.windkraftfreier-idarwald.de\/index.php?rest_route=\/wp\/v2\/media\/351"}],"wp:attachment":[{"href":"https:\/\/www.windkraftfreier-idarwald.de\/index.php?rest_route=%2Fwp%2Fv2%2Fmedia&parent=339"}],"wp:term":[{"taxonomy":"category","embeddable":true,"href":"https:\/\/www.windkraftfreier-idarwald.de\/index.php?rest_route=%2Fwp%2Fv2%2Fcategories&post=339"},{"taxonomy":"post_tag","embeddable":true,"href":"https:\/\/www.windkraftfreier-idarwald.de\/index.php?rest_route=%2Fwp%2Fv2%2Ftags&post=339"}],"curies":[{"name":"wp","href":"https:\/\/api.w.org\/{rel}","templated":true}]}}