{"id":305,"date":"2018-11-19T08:00:07","date_gmt":"2018-11-19T08:00:07","guid":{"rendered":"https:\/\/www.windkraftfreier-idarwald.de\/?p=305"},"modified":"2018-11-29T07:49:08","modified_gmt":"2018-11-29T07:49:08","slug":"buergerinformation","status":"publish","type":"post","link":"https:\/\/www.windkraftfreier-idarwald.de\/?p=305","title":{"rendered":"B\u00fcrgerinformation"},"content":{"rendered":"<p>Ende November wurde das anh\u00e4ngende Flugblatt an \u00fcber 12.000 Haushalte im Gro\u00dfraum \u201aIdarwald\u2018 verteilt.<\/p>\n<p><a href=\"https:\/\/www.windkraftfreier-idarwald.de\/wp-content\/uploads\/2018\/11\/Bu\u0308rgerinformation-1-BI-Windkraftfreier-Idarwald-November-2018.pdf\" target=\"_blank\" rel=\"noopener\">&gt;&gt;Flyer: Bu\u0308rgerinformation-1 BI Windkraftfreier Idarwald November 2018<\/a><\/p>\n<p><a href=\"https:\/\/www.windkraftfreier-idarwald.de\/wp-content\/uploads\/2018\/11\/Prost-Idarwald.jpg\"><img decoding=\"async\" loading=\"lazy\" class=\"alignnone size-full wp-image-312\" src=\"https:\/\/www.windkraftfreier-idarwald.de\/wp-content\/uploads\/2018\/11\/Prost-Idarwald.jpg\" alt=\"\" width=\"849\" height=\"844\" srcset=\"https:\/\/www.windkraftfreier-idarwald.de\/wp-content\/uploads\/2018\/11\/Prost-Idarwald.jpg 849w, https:\/\/www.windkraftfreier-idarwald.de\/wp-content\/uploads\/2018\/11\/Prost-Idarwald-150x150.jpg 150w, https:\/\/www.windkraftfreier-idarwald.de\/wp-content\/uploads\/2018\/11\/Prost-Idarwald-300x298.jpg 300w, https:\/\/www.windkraftfreier-idarwald.de\/wp-content\/uploads\/2018\/11\/Prost-Idarwald-768x763.jpg 768w\" sizes=\"(max-width: 849px) 100vw, 849px\" \/><\/a><\/p>\n","protected":false},"excerpt":{"rendered":"<p>Ende November wurde das anh\u00e4ngende Flugblatt an \u00fcber 12.000 Haushalte im Gro\u00dfraum \u201aIdarwald\u2018 verteilt. &gt;&gt;Flyer: Bu\u0308rgerinformation-1 BI Windkraftfreier Idarwald November 2018<\/p>\n","protected":false},"author":1,"featured_media":307,"comment_status":"open","ping_status":"open","sticky":false,"template":"","format":"standard","meta":{"kt_blocks_editor_width":"","ngg_post_thumbnail":0},"categories":[3],"tags":[],"_links":{"self":[{"href":"https:\/\/www.windkraftfreier-idarwald.de\/index.php?rest_route=\/wp\/v2\/posts\/305"}],"collection":[{"href":"https:\/\/www.windkraftfreier-idarwald.de\/index.php?rest_route=\/wp\/v2\/posts"}],"about":[{"href":"https:\/\/www.windkraftfreier-idarwald.de\/index.php?rest_route=\/wp\/v2\/types\/post"}],"author":[{"embeddable":true,"href":"https:\/\/www.windkraftfreier-idarwald.de\/index.php?rest_route=\/wp\/v2\/users\/1"}],"replies":[{"embeddable":true,"href":"https:\/\/www.windkraftfreier-idarwald.de\/index.php?rest_route=%2Fwp%2Fv2%2Fcomments&post=305"}],"version-history":[{"count":8,"href":"https:\/\/www.windkraftfreier-idarwald.de\/index.php?rest_route=\/wp\/v2\/posts\/305\/revisions"}],"predecessor-version":[{"id":317,"href":"https:\/\/www.windkraftfreier-idarwald.de\/index.php?rest_route=\/wp\/v2\/posts\/305\/revisions\/317"}],"wp:featuredmedia":[{"embeddable":true,"href":"https:\/\/www.windkraftfreier-idarwald.de\/index.php?rest_route=\/wp\/v2\/media\/307"}],"wp:attachment":[{"href":"https:\/\/www.windkraftfreier-idarwald.de\/index.php?rest_route=%2Fwp%2Fv2%2Fmedia&parent=305"}],"wp:term":[{"taxonomy":"category","embeddable":true,"href":"https:\/\/www.windkraftfreier-idarwald.de\/index.php?rest_route=%2Fwp%2Fv2%2Fcategories&post=305"},{"taxonomy":"post_tag","embeddable":true,"href":"https:\/\/www.windkraftfreier-idarwald.de\/index.php?rest_route=%2Fwp%2Fv2%2Ftags&post=305"}],"curies":[{"name":"wp","href":"https:\/\/api.w.org\/{rel}","templated":true}]}}